{"id":8219,"date":"2023-10-26T11:17:54","date_gmt":"2023-10-26T09:17:54","guid":{"rendered":"https:\/\/compihelpbern.ch\/wp\/?p=8219"},"modified":"2023-12-08T03:19:07","modified_gmt":"2023-12-08T02:19:07","slug":"urmeter-atomuhr-und-andere-messgeraete","status":"publish","type":"post","link":"https:\/\/compihelpbern.ch\/wp\/archive\/8219","title":{"rendered":"Urmeter, Atomuhr und andere Messger\u00e4te"},"content":{"rendered":"\n\n\n<p><img loading=\"lazy\" decoding=\"async\" class=\"alignleft size-full wp-image-9598\" src=\"https:\/\/compihelpbern.ch\/wp\/wp-content\/uploads\/2023\/10\/METAS_Titelbild.bk_.jpg\" alt=\"\" width=\"1249\" height=\"796\" srcset=\"https:\/\/compihelpbern.ch\/wp\/wp-content\/uploads\/2023\/10\/METAS_Titelbild.bk_.jpg 1249w, https:\/\/compihelpbern.ch\/wp\/wp-content\/uploads\/2023\/10\/METAS_Titelbild.bk_-300x191.jpg 300w, https:\/\/compihelpbern.ch\/wp\/wp-content\/uploads\/2023\/10\/METAS_Titelbild.bk_-1024x653.jpg 1024w, https:\/\/compihelpbern.ch\/wp\/wp-content\/uploads\/2023\/10\/METAS_Titelbild.bk_-768x489.jpg 768w\" sizes=\"auto, (max-width: 1249px) 100vw, 1249px\" \/><\/p>\n<p>\u00abMessen ist allgegenw\u00e4rtig und notwendig\u00bb, heisst es in einer Brosch\u00fcre \u2013 und ob! \u00dcberlegen Sie sich mal, wo \u00fcberall etwas gewogen wird, wie korrekt L\u00e4ngen- und H\u00f6henmasse oder Temperaturangaben sein m\u00fcssen. Schnell ist klar, dass wir 24 Stunden lang von Dingen umgeben sind, die wir ohne exakte Messtechnik nicht zur Hand h\u00e4tten \u2013 und sei es unser Mobiltelefon.<\/p>\n<p>Wer vom Messen und von Messtechnik h\u00f6rt, denkt an den Meter \u2013 das erstaunt keineswegs, denn Metrologie bezeichnet, korrekt ausgedr\u00fcckt, die \u00abWissenschaft vom Messen und ihre Anwendung\u00bb. Frankreich nimmt in dieser Sparte eine Pionierrolle ein, dort wurde im 18. Jahrhundert, als die modernen Wissenschaften entstanden, das genaue Messen definiert.<\/p>\n<p><img loading=\"lazy\" decoding=\"async\" class=\"size-full wp-image-9600 aligncenter\" src=\"https:\/\/compihelpbern.ch\/wp\/wp-content\/uploads\/2023\/10\/Berner_Kopie_des_Pariser_Urmeters.jpg\" alt=\"\" width=\"1510\" height=\"511\" srcset=\"https:\/\/compihelpbern.ch\/wp\/wp-content\/uploads\/2023\/10\/Berner_Kopie_des_Pariser_Urmeters.jpg 1510w, https:\/\/compihelpbern.ch\/wp\/wp-content\/uploads\/2023\/10\/Berner_Kopie_des_Pariser_Urmeters-300x102.jpg 300w, https:\/\/compihelpbern.ch\/wp\/wp-content\/uploads\/2023\/10\/Berner_Kopie_des_Pariser_Urmeters-1024x347.jpg 1024w, https:\/\/compihelpbern.ch\/wp\/wp-content\/uploads\/2023\/10\/Berner_Kopie_des_Pariser_Urmeters-768x260.jpg 768w\" sizes=\"auto, (max-width: 1510px) 100vw, 1510px\" \/><\/p>\n<p><em>Die dritte Holzkiste hinten: Berner Kopie des Pariser Urmeters \u2013 beide sind heute nur noch Ausstellungsobjekte<\/em><\/p>\n<p>Viele von uns werden davon schon in der Schule geh\u00f6rt haben: Der <em>Urmeter, <\/em>auf Franz\u00f6sisch <em>m\u00e8tre des archives,<\/em> wird seit 1780 in Paris aufbewahrt und betreut. Dieser Referenzmeter besteht aus Platin und Iridium und hat einen Querschnitt in der Form eines X und ist sowohl in Paris als auch im Berner METAS nur noch Ausstellungsobjekt. Heutzutage, d.h. seit 1983, wird der Meter mithilfe der Lichtgeschwindigkeit definiert, weniger anschaulich und mithilfe modernster Mathematik berechnet.<\/p>\n<p><strong>Napoleon brachte den Meter<\/strong><\/p>\n<p>Spannend zu erfahren, wie der Meter zum Mass geworden ist. Durch Napoleon kam er in die Schweiz. Nachdem Napoleons Armee vertrieben worden war, ging der Meter als Mass nicht ganz in Vergessenheit, aber die Kantone gingen unterschiedlich mit dem Messen um. Einige konservative Kantone blieben lieber bei ihren unterschiedlich langen F\u00fcssen bzw. Ellen usw. Dabei war richtiges Messen schon fr\u00fch in Vertr\u00e4gen festgehalten worden, beispielsweise in der Magna Carta (1215). Auch am Berner Zytgloggeturm sind fr\u00fchere Referenzmasse angebracht. Erst 1862 wurde die 1. Eidgen\u00f6ssische Eichst\u00e4tte in Bern gegr\u00fcndet.<\/p>\n<p>Im Jahr vorher hatte Heinrich Wild, Physikprofessor an der Universit\u00e4t Bern, versucht, die Kantone von der Einf\u00fchrung des Meters als Mass zu \u00fcberzeugen. Seit 1967 besteht der Standort des METAS in Kleinwabern. 2001 entstand der moderne Teil. Dort liegen die Labore im Inneren des Geb\u00e4udes, sonnengesch\u00fctzt, so dass sie den Wetter- und Temperaturschwankungen weniger ausgesetzt sind. \u2013 Die Klimaanlage f\u00fcr die beiden Geb\u00e4ude im Untergeschoss beeindruckt.<\/p>\n<p><img loading=\"lazy\" decoding=\"async\" class=\"size-full wp-image-9601 aligncenter\" src=\"https:\/\/compihelpbern.ch\/wp\/wp-content\/uploads\/2023\/10\/METAS_alt_in_neu.jpg\" alt=\"\" width=\"1000\" height=\"750\" srcset=\"https:\/\/compihelpbern.ch\/wp\/wp-content\/uploads\/2023\/10\/METAS_alt_in_neu.jpg 1000w, https:\/\/compihelpbern.ch\/wp\/wp-content\/uploads\/2023\/10\/METAS_alt_in_neu-300x225.jpg 300w, https:\/\/compihelpbern.ch\/wp\/wp-content\/uploads\/2023\/10\/METAS_alt_in_neu-768x576.jpg 768w\" sizes=\"auto, (max-width: 1000px) 100vw, 1000px\" \/><\/p>\n<p><em>Im neuen METAS-Geb\u00e4ude spiegelt sich der \u00e4ltere Bau.<\/em><\/p>\n<p><strong>Fr\u00fchere Masseinheiten waren schwer vergleichbar<\/strong><\/p>\n<p>Im \u00dcbrigen waren auch die anderen L\u00e4nder in Europa und anderswo nicht gleich vom Urmeter \u00fcberzeugt. Erst 1875 wurde der internationale Metervertrag abgeschlossen. Im deutschsprachigen Raum gab es im 19. Jahrhundert ca. 600 verschiedenen Masse mit dem Namen \u00abFuss\u00bb. Wir Seniorinnen und Senioren erinnern uns sicher, dass Grossbritannien noch Ende des 20. Jahrhunderts nur mit M\u00fche seine inches, yards und miles verabschiedete.<\/p>\n<p><img loading=\"lazy\" decoding=\"async\" class=\"size-full wp-image-9602 aligncenter\" src=\"https:\/\/compihelpbern.ch\/wp\/wp-content\/uploads\/2023\/10\/METAS-Bereiche.jpg\" alt=\"\" width=\"646\" height=\"942\" srcset=\"https:\/\/compihelpbern.ch\/wp\/wp-content\/uploads\/2023\/10\/METAS-Bereiche.jpg 646w, https:\/\/compihelpbern.ch\/wp\/wp-content\/uploads\/2023\/10\/METAS-Bereiche-206x300.jpg 206w\" sizes=\"auto, (max-width: 646px) 100vw, 646px\" \/><\/p>\n<p><em>Das Eidgen\u00f6ssische Institut f\u00fcr Metrologie ist dem Internationalen Einheitensystem (SI) angeschlossen. Am Mobiltelefon lassen sich alle sieben Messbereiche ablesen. (Seite 4 der METAS-Brosch\u00fcre)<\/em><\/p>\n<p>Einrichtungen wie METAS haben den Auftrag zur \u00dcberpr\u00fcfung aller Messinstrumente schweizweit. Daf\u00fcr werden die Masse unterhalten, Meter, Kilogramm, aber auch Zeitmasse, als Referenz, die abgeglichen werden. \u2013 Auch Superm\u00e4rkte m\u00fcssen zur Kontrolle ihrer vielen Waagen eine Kalibrierabteilung f\u00fchren, die von METAS abgeglichen wird. Erst seit den 1980er Jahren sind alle Bereiche des Messens in Bern vereint.<\/p>\n<p>Dem METAS obliegt es, ausser der Kontrolle von Messinstrumenten in gewissen Bereichen selbst Messm\u00f6glichkeiten zu entwickeln und zu pr\u00e4zisieren. So wurden Ger\u00e4te f\u00fcr allerkleinste Durchflussmengen entwickelt, wie man sie f\u00fcr eine Insulinpumpe ben\u00f6tigt, aber auch f\u00fcr die Autoindustrie. METAS ist weltweit das einzige Institut, das auf diesem Gebiet forscht und solche hochpr\u00e4zisen Ger\u00e4te entwickelt.<\/p>\n<p>Daneben entwickelt das METAS auch Ger\u00e4te, die Autofahrern weniger gefallen m\u00f6gen: hochpr\u00e4zise Messger\u00e4te zur Geschwindigkeit und Atemmessger\u00e4te f\u00fcr Alkoholtests.<\/p>\n<p><strong>METAS misst und forscht<\/strong><\/p>\n<p>Sicher haben Sie sich noch nie \u00fcberlegt, dass der Durchfluss von der Gr\u00f6sse eines Nanoliters 20 Jahre dauert, bis ein Bierglas gef\u00fcllt ist. Ebenso herausragend und weltweit einmalig ist die Pr\u00fcfanlage des METAS f\u00fcr gr\u00f6ssere und kleinere Bewegungen durch Sensoren.<\/p>\n<p>Daneben entwickelt das METAS auch Ger\u00e4te, die Autofahrern weniger gefallen m\u00f6gen: hochpr\u00e4zise Messger\u00e4te zur Geschwindigkeit und Atemmessger\u00e4te f\u00fcr Alkoholtests.<\/p>\n<p><img loading=\"lazy\" decoding=\"async\" class=\"size-full wp-image-9603 aligncenter\" src=\"https:\/\/compihelpbern.ch\/wp\/wp-content\/uploads\/2023\/10\/Zeit-Stele.jpg\" alt=\"\" width=\"990\" height=\"1320\" srcset=\"https:\/\/compihelpbern.ch\/wp\/wp-content\/uploads\/2023\/10\/Zeit-Stele.jpg 990w, https:\/\/compihelpbern.ch\/wp\/wp-content\/uploads\/2023\/10\/Zeit-Stele-225x300.jpg 225w, https:\/\/compihelpbern.ch\/wp\/wp-content\/uploads\/2023\/10\/Zeit-Stele-768x1024.jpg 768w\" sizes=\"auto, (max-width: 990px) 100vw, 990px\" \/><\/p>\n<p><em>Diese Stele ist ein Symbol f\u00fcr die Zeitmessung: 24 m hoch (24 Stunden), 60 x 60 cm Grundriss (Sekunden und Minuten).<\/em><\/p>\n<p>Auch die Zeit ist ein ausserordentlich wichtiges Messobjekt. Heutzutage ist das METAS die Referenzinstitution f\u00fcr die Schweizer Zeit. Seine Atomuhr geh\u00f6rt weltweit zu den genauesten. \u2013 Sie erinnern sich sicher an das Zeitzeichen im Radio 12:30 Uhr. \u00dcber Jahrzehnte wurde es aus Neuch\u00e2tel gesendet, einem der Uhrenkantone.<\/p>\n<p>Heinrich Rohrer, Nobelpreistr\u00e4ger f\u00fcr Physik 1986, sagte einmal: \u00abVor 150 Jahren war die Bedeutung des Micrometers f\u00fcr den Uhrmacher offensichtlich, nicht aber f\u00fcr den Bauern. Und doch hat der Micrometer seinen Alltag ver\u00e4ndert: die Entwicklung des Traktors.\u00bb<\/p>\n<p><strong>Die moderne Welt \u2013 von Uhren und Zeitangaben \u00fcberschwemmt<\/strong><\/p>\n<p>Der Meter, die Zeit oder das Kilogramm \u2013 alle drei k\u00f6nnen bei einer F\u00fchrung angeschaut werden, aber seien Sie nicht entt\u00e4uscht, nur durchs Fenster: Es sind hochkomplizierte Apparaturen, jedes in seinem Labor, elektronisch \u00fcberwacht und bei stets gleichbleibenden Umweltbedingungen. Wer dort zu tun hat, muss einen Schutzanzug anziehen, denn diese R\u00e4ume m\u00fcssen frei von allen \u00e4usseren Einwirkungen bleiben, es sind Reinr\u00e4ume.<\/p>\n<p><img loading=\"lazy\" decoding=\"async\" class=\"size-full wp-image-9604 aligncenter\" src=\"https:\/\/compihelpbern.ch\/wp\/wp-content\/uploads\/2023\/10\/Stromzhler.jpg\" alt=\"\" width=\"903\" height=\"638\" srcset=\"https:\/\/compihelpbern.ch\/wp\/wp-content\/uploads\/2023\/10\/Stromzhler.jpg 903w, https:\/\/compihelpbern.ch\/wp\/wp-content\/uploads\/2023\/10\/Stromzhler-300x212.jpg 300w, https:\/\/compihelpbern.ch\/wp\/wp-content\/uploads\/2023\/10\/Stromzhler-768x543.jpg 768w\" sizes=\"auto, (max-width: 903px) 100vw, 903px\" \/><\/p>\n<p><em>Stromz\u00e4hler, veraltete und neuere<\/em><\/p>\n<p>F\u00fcr die Besucherinnen und Besucher sind \u00e4ltere konkrete Modelle des Meters ausgestellt. Auch andere veraltete Messinstrumente entlocken uns ein Schmunzeln. Das Kilogramm, ein Zylinder aus Platin und Iridium mit gleicher H\u00f6he und Durchmesser von je 39 mm, d\u00fcrfen wir in die Hand nehmen. Es scheint klein, aber sein Gewicht ist eindeutig: 1\u2019000 Gramm.<\/p>\n<p>Das METAS kann nur im Rahmen einer F\u00fchrung besichtigt werden. Der Kommunikationsbeauftragte Dr. J\u00fcrg Niederhauser, Physiker und Sprachwissenschaftler, vermittelt alles Wissenswerte sehr anschaulich und auch f\u00fcr Laien verst\u00e4ndlich. Wenn Sie die Gelegenheit bekommen, an einer F\u00fchrung teilzunehmen, lassen Sie sich nicht abschrecken von der hochspezialisierten Technik. Auch das Anschauen lohnt sich.<\/p>\n<p><img loading=\"lazy\" decoding=\"async\" class=\"size-full wp-image-9605 aligncenter\" src=\"https:\/\/compihelpbern.ch\/wp\/wp-content\/uploads\/2023\/10\/Cafeteria.jpg\" alt=\"\" width=\"1161\" height=\"333\" srcset=\"https:\/\/compihelpbern.ch\/wp\/wp-content\/uploads\/2023\/10\/Cafeteria.jpg 1161w, https:\/\/compihelpbern.ch\/wp\/wp-content\/uploads\/2023\/10\/Cafeteria-300x86.jpg 300w, https:\/\/compihelpbern.ch\/wp\/wp-content\/uploads\/2023\/10\/Cafeteria-1024x294.jpg 1024w, https:\/\/compihelpbern.ch\/wp\/wp-content\/uploads\/2023\/10\/Cafeteria-768x220.jpg 768w\" sizes=\"auto, (max-width: 1161px) 100vw, 1161px\" \/><\/p>\n<p>Fotos: Maja Petzold<\/p>\n<p>Weitere Informationen:\u00a0 <a href=\"https:\/\/www.metas.ch\/metas\/de\/home.html\" target=\"_blank\" rel=\"noopener\">Eidgen\u00f6ssisches Institut f\u00fcr Metrologie METAS<\/a><\/p>\n","protected":false},"excerpt":{"rendered":"<p>Im Eidgen\u00f6ssischen Institut f\u00fcr Metrologie, im METAS in Bern-Wabern, wird exakter gemessen, als wir Laien es uns vorstellen k\u00f6nnen. Ein Besuch.<\/p>\n","protected":false},"author":16,"featured_media":8220,"comment_status":"open","ping_status":"closed","sticky":false,"template":"","format":"standard","meta":{"advgb_blocks_editor_width":"","advgb_blocks_columns_visual_guide":"","site-container-style":"default","site-container-layout":"default","site-sidebar-layout":"default","site-transparent-header":"default","disable-article-header":"default","disable-site-header":"default","disable-site-footer":"default","disable-content-area-spacing":"default","footnotes":""},"categories":[4,20],"tags":[],"class_list":["post-8219","post","type-post","status-publish","format-standard","has-post-thumbnail","hentry","category-1-baerehoeck","category-magazin"],"author_meta":{"display_name":"Maja Petzold","author_link":""},"featured_img":"https:\/\/compihelpbern.ch\/wp\/wp-content\/uploads\/2023\/10\/METAS_Titelbild-300x191.jpg","coauthors":[],"tax_additional":{"categories":{"linked":["<a href=\"https:\/\/compihelpbern.ch\/wp\/archive\/category\/1-baerehoeck\" class=\"advgb-post-tax-term\">B\u00e4reh\u00f6ck-Berichte<\/a>","<a href=\"https:\/\/compihelpbern.ch\/wp\/archive\/category\/magazin\" class=\"advgb-post-tax-term\">Magazin<\/a>"],"unlinked":["<span class=\"advgb-post-tax-term\">B\u00e4reh\u00f6ck-Berichte<\/span>","<span class=\"advgb-post-tax-term\">Magazin<\/span>"]}},"comment_count":"0","relative_dates":{"created":"Ver\u00f6ffentlicht 3\u00a0Jahren vor","modified":"Aktualisiert 2\u00a0Jahren vor"},"absolute_dates":{"created":"Ver\u00f6ffentlicht am 26. Oktober 2023","modified":"Aktualisiert am 8. Dezember 2023"},"absolute_dates_time":{"created":"Ver\u00f6ffentlicht am 26. Oktober 2023 11:17","modified":"Aktualisiert am 8. Dezember 2023 3:19"},"featured_img_caption":"","series_order":"","publishpress_future_action":{"enabled":false,"date":"2026-06-01 12:35:09","action":"change-status","newStatus":"draft","terms":[],"taxonomy":"category","extraData":[]},"publishpress_future_workflow_manual_trigger":{"enabledWorkflows":[]},"_links":{"self":[{"href":"https:\/\/compihelpbern.ch\/wp\/wp-json\/wp\/v2\/posts\/8219","targetHints":{"allow":["GET"]}}],"collection":[{"href":"https:\/\/compihelpbern.ch\/wp\/wp-json\/wp\/v2\/posts"}],"about":[{"href":"https:\/\/compihelpbern.ch\/wp\/wp-json\/wp\/v2\/types\/post"}],"author":[{"embeddable":true,"href":"https:\/\/compihelpbern.ch\/wp\/wp-json\/wp\/v2\/users\/16"}],"replies":[{"embeddable":true,"href":"https:\/\/compihelpbern.ch\/wp\/wp-json\/wp\/v2\/comments?post=8219"}],"version-history":[{"count":1,"href":"https:\/\/compihelpbern.ch\/wp\/wp-json\/wp\/v2\/posts\/8219\/revisions"}],"predecessor-version":[{"id":9606,"href":"https:\/\/compihelpbern.ch\/wp\/wp-json\/wp\/v2\/posts\/8219\/revisions\/9606"}],"wp:featuredmedia":[{"embeddable":true,"href":"https:\/\/compihelpbern.ch\/wp\/wp-json\/wp\/v2\/media\/8220"}],"wp:attachment":[{"href":"https:\/\/compihelpbern.ch\/wp\/wp-json\/wp\/v2\/media?parent=8219"}],"wp:term":[{"taxonomy":"category","embeddable":true,"href":"https:\/\/compihelpbern.ch\/wp\/wp-json\/wp\/v2\/categories?post=8219"},{"taxonomy":"post_tag","embeddable":true,"href":"https:\/\/compihelpbern.ch\/wp\/wp-json\/wp\/v2\/tags?post=8219"}],"curies":[{"name":"wp","href":"https:\/\/api.w.org\/{rel}","templated":true}]}}