{"id":7433,"date":"2017-09-30T14:38:00","date_gmt":"2017-09-30T12:38:00","guid":{"rendered":"https:\/\/compihelpbern.ch\/wp\/?p=7433"},"modified":"2023-08-12T14:40:03","modified_gmt":"2023-08-12T12:40:03","slug":"verkabelt-und-vernetzt","status":"publish","type":"post","link":"https:\/\/compihelpbern.ch\/wp\/archive\/7433","title":{"rendered":"Verkabelt und vernetzt"},"content":{"rendered":"\n<p>Vor zwanzig Jahren war es selbstverst\u00e4ndlich, dass jede Wohnung in unserem Neubau mit einem Telefonkabel durch den staatlichen Monopolbetrieb Swisscom versehen wurde. Das Ger\u00e4t zum Telefonieren konnte gratis bezogen werden, leihweise. Zum Fernsehen musste ein zweites Kabel installiert werden. Wir entschieden damals, anstelle einer TV-Sch\u00fcssel uns an das Kabelnetz der Ortsantenne zu binden. So sind wir heute doppelt verkabelt.<\/p>\n<p>Unterdessen sind die Anspr\u00fcche an Kommunikation und Daten\u00fcbertragung jeglicher Art gewaltig gestiegen und die Angebote haben sich entsprechend rasant entwickelt. Internet und Funknetze stehen zur Verf\u00fcgung in jeder erdenklichen Variante. Wir werden ausw\u00e4hlen m\u00fcssen, welche Kan\u00e4le, Dr\u00e4hte, Kabel, Lieferanten und Betreiber uns mit der Welt vernetzen. Wir abonnieren die Leitungen und Leistungen im gew\u00fcnschten Umfang und bezahlen die Rechnungen regelm\u00e4ssig &#8211; wo m\u00f6glich in gleichen, fixierten Ratenbetr\u00e4gen. Sogar dies haben wir den Programmen \u00fcberlassen; die Schulden werden uns direkt vom Konto abgebucht &#8211; &#8220;ohne Ihren Gegenbericht \u2026. erkl\u00e4ren Sie sich einverstanden&#8221;! Kundenanbindung nennt sich das.<\/p>\n<p>Sind wir gefangen in den Netzen, die uns verstricken? Haben wir noch den \u00dcberblick? Einige Anbieter nutzen die hochstehende Technik dazu, alles aus einer Hand anzubieten: Kontakte durch Telefon, Kurzmitteilungen, elektronische Post, Unterhaltung, Wissen, Lesen, Einkaufen, Speichern, Daten \u00fcbertragen und weiss nicht was noch alles! Das ist wie ein Einkaufszentrum am Stadtrand. Mit dem Unterschied, dass ich da keinen Parkplatz mehr suchen, keinen Weg zur\u00fccklegen muss. Es wird alles ins Haus geliefert; einschalten oder einstecken, verbinden, ben\u00fctzen.<\/p>\n<p>Ob es n\u00fctzlich ist? Diese Frage muss ja jeder und jede LeserIn f\u00fcr sich selber beantworten. Mir selber bringt es sehr viel Komfort in meinem Hobby; meine Fotos, die ich am Tag digital aufgenommen und &#8220;entwickelt&#8221; habe, sind oft am gleichen Abend bereits auf einer Webseite, z. B. in einem Forenthema bei seniorbern.ch. Da ich dort auch redaktioneller Mitarbeiter bin, sind Beitr\u00e4ge schnell aufgeschaltet. Das Team tauscht sich \u00fcber Rundmails aus; die registrierten Benutzer sind mit wenigen Klicks mit Nachrichten \u00fcber die elektronische Post versorgt. W\u00e4hrend meine Frau die Kan\u00e4le am TV durchzappt, zappe ich mir Informationen zu Themen, Artikel und Bilder auf den Internetseiten zusammen. So h\u00e4ngen wir also regelm\u00e4ssig l\u00e4ngere Zeiten am oder im Netz. Noch auf zwei verschiedenen Kabeln! Schon jetzt werden uns alle Dienste \u00fcber das Telefonnetz wie auch \u00fcber das TV-Kabel angeboten. Wir k\u00f6nnten uns also f\u00fcr den einen oder andern Anschluss entscheiden.<\/p>\n<p>Sind wir davon abh\u00e4ngig? Was passiert, wenn der Strom ausf\u00e4llt, das Kabel streikt oder gar reisst? Das ist dann wie Ferien. Da geniessen wir ja auch die bewusst gesuchte Stille, oder eine andere Umgebung, neue Beziehungen. Wenn das Fahrzeug nicht mehr will, dann gehe ich zu Fuss. Es tut uns Betagten nur gut, zu entschleunigen und alles etwas gem\u00e4chlicher zu nehmen. Die Maschen des Netzes sind nicht so eng, dass wir ihm nicht da und dort entkommen k\u00f6nnten.<\/p>\n<p>Ein wirklicher Schaden entst\u00e4nde, wenn unsere Beziehungsnetze reissen! Doch diese sind von anderer Art.<\/p>\n<p>www.seniorbern.ch<\/p>\n<p>Titelbild: Verkabelt_621790_web_R_by_Sylvia Krahl_pixelio.de<\/p>\n","protected":false},"excerpt":{"rendered":"<p>Senioren im Web &#8211; WillYs Kolumne f\u00fcr &#8220;ensuite&#8221;, Kulturzeitschrift, Oktober 2017<\/p>\n","protected":false},"author":10,"featured_media":7434,"comment_status":"open","ping_status":"closed","sticky":false,"template":"","format":"standard","meta":{"advgb_blocks_editor_width":"","advgb_blocks_columns_visual_guide":"","site-container-style":"default","site-container-layout":"default","site-sidebar-layout":"default","site-transparent-header":"default","disable-article-header":"default","disable-site-header":"default","disable-site-footer":"default","disable-content-area-spacing":"default","footnotes":""},"categories":[20],"tags":[],"class_list":["post-7433","post","type-post","status-publish","format-standard","has-post-thumbnail","hentry","category-magazin"],"author_meta":{"display_name":"WillY","author_link":"https:\/\/compihelpbern.ch\/wp\/archive\/author\/willy"},"featured_img":"https:\/\/compihelpbern.ch\/wp\/wp-content\/uploads\/2023\/08\/Verkabelt_621790_web_R_by_Sylvia_Krahl_pixelio.de_-300x225.jpg","coauthors":[],"tax_additional":{"categories":{"linked":["<a href=\"https:\/\/compihelpbern.ch\/wp\/archive\/category\/magazin\" class=\"advgb-post-tax-term\">Magazin<\/a>"],"unlinked":["<span class=\"advgb-post-tax-term\">Magazin<\/span>"]}},"comment_count":"0","relative_dates":{"created":"Ver\u00f6ffentlicht 9\u00a0Jahren vor","modified":"Aktualisiert 3\u00a0Jahren vor"},"absolute_dates":{"created":"Ver\u00f6ffentlicht am 30. September 2017","modified":"Aktualisiert am 12. August 2023"},"absolute_dates_time":{"created":"Ver\u00f6ffentlicht am 30. September 2017 14:38","modified":"Aktualisiert am 12. August 2023 14:40"},"featured_img_caption":"","series_order":"","publishpress_future_action":{"enabled":false,"date":"2026-06-01 13:51:25","action":"change-status","newStatus":"draft","terms":[],"taxonomy":"category","extraData":[]},"publishpress_future_workflow_manual_trigger":{"enabledWorkflows":[]},"_links":{"self":[{"href":"https:\/\/compihelpbern.ch\/wp\/wp-json\/wp\/v2\/posts\/7433","targetHints":{"allow":["GET"]}}],"collection":[{"href":"https:\/\/compihelpbern.ch\/wp\/wp-json\/wp\/v2\/posts"}],"about":[{"href":"https:\/\/compihelpbern.ch\/wp\/wp-json\/wp\/v2\/types\/post"}],"author":[{"embeddable":true,"href":"https:\/\/compihelpbern.ch\/wp\/wp-json\/wp\/v2\/users\/10"}],"replies":[{"embeddable":true,"href":"https:\/\/compihelpbern.ch\/wp\/wp-json\/wp\/v2\/comments?post=7433"}],"version-history":[{"count":0,"href":"https:\/\/compihelpbern.ch\/wp\/wp-json\/wp\/v2\/posts\/7433\/revisions"}],"wp:featuredmedia":[{"embeddable":true,"href":"https:\/\/compihelpbern.ch\/wp\/wp-json\/wp\/v2\/media\/7434"}],"wp:attachment":[{"href":"https:\/\/compihelpbern.ch\/wp\/wp-json\/wp\/v2\/media?parent=7433"}],"wp:term":[{"taxonomy":"category","embeddable":true,"href":"https:\/\/compihelpbern.ch\/wp\/wp-json\/wp\/v2\/categories?post=7433"},{"taxonomy":"post_tag","embeddable":true,"href":"https:\/\/compihelpbern.ch\/wp\/wp-json\/wp\/v2\/tags?post=7433"}],"curies":[{"name":"wp","href":"https:\/\/api.w.org\/{rel}","templated":true}]}}