{"id":6989,"date":"2014-03-12T15:34:00","date_gmt":"2014-03-12T14:34:00","guid":{"rendered":"https:\/\/compihelpbern.ch\/wp\/?p=6989"},"modified":"2023-10-31T12:23:27","modified_gmt":"2023-10-31T11:23:27","slug":"sammeln-erschliessen-erhalten-vermitteln","status":"publish","type":"post","link":"https:\/\/compihelpbern.ch\/wp\/archive\/6989","title":{"rendered":"Sammeln &#8211; erschliessen &#8211; erhalten &#8211; vermitteln"},"content":{"rendered":"\n<p>Das Titelbild zeigt einen Benutzerarbeitsplatz, wie er f\u00fcr eine Suchabfrage zur Verf\u00fcgung steht. Noch mag ich mich an die langen Karteikasten erinnern mit den kleinen Schubl\u00e4dchen. Darin reihten sich kleine Karteikarten von Hand beschrieben auf, fein s\u00e4uberlich durch ein Lock im K\u00e4rtli mit einem Metallstab gesichert. Solche K\u00e4stchen stehen auf dem Bild hinten rechts.<\/p>\n<p><img loading=\"lazy\" decoding=\"async\" class=\"alignnone  wp-image-8474\" src=\"https:\/\/compihelpbern.ch\/wp\/wp-content\/uploads\/2014\/03\/2013-03-09_wv-DSCN9167-1-300x225.jpg\" alt=\"\" width=\"801\" height=\"601\" srcset=\"https:\/\/compihelpbern.ch\/wp\/wp-content\/uploads\/2014\/03\/2013-03-09_wv-DSCN9167-1-300x225.jpg 300w, https:\/\/compihelpbern.ch\/wp\/wp-content\/uploads\/2014\/03\/2013-03-09_wv-DSCN9167-1-768x576.jpg 768w, https:\/\/compihelpbern.ch\/wp\/wp-content\/uploads\/2014\/03\/2013-03-09_wv-DSCN9167-1.jpg 800w\" sizes=\"auto, (max-width: 801px) 100vw, 801px\" \/><\/p>\n<p>Einen Blick hinter die Kulissen dieses noch relativ jungen Kulturwerkes unseres Bundes (gegr\u00fcndet 1895 in einer Vierzimmerwohnung im Zentrum von Bern) konnten die Teilnehmer des B\u00e4re-H\u00f6ck Besuchs am 12. M\u00e4rz 2014 in Bern erleben. \u00dcber 30 Interessierte besammelten sich vor dem Haupteingang des in den 30er Jahren erbaute Hauptgeb\u00e4udes im Bauhausstil jetzt im Kirchenfeld. Nein, die Baracke im Hintergrnd geh\u00f6rt nicht dazu! Sie steht auf dem Gel\u00e4nde des Gymnasiums.<\/p>\n<p><img loading=\"lazy\" decoding=\"async\" class=\"alignnone  wp-image-8462\" src=\"https:\/\/compihelpbern.ch\/wp\/wp-content\/uploads\/2014\/03\/2013-03-09_wv-DSCN9149-300x225.jpg\" alt=\"\" width=\"799\" height=\"599\" srcset=\"https:\/\/compihelpbern.ch\/wp\/wp-content\/uploads\/2014\/03\/2013-03-09_wv-DSCN9149-300x225.jpg 300w, https:\/\/compihelpbern.ch\/wp\/wp-content\/uploads\/2014\/03\/2013-03-09_wv-DSCN9149-768x576.jpg 768w, https:\/\/compihelpbern.ch\/wp\/wp-content\/uploads\/2014\/03\/2013-03-09_wv-DSCN9149.jpg 800w\" sizes=\"auto, (max-width: 799px) 100vw, 799px\" \/><\/p>\n<p><img loading=\"lazy\" decoding=\"async\" class=\"alignnone  wp-image-8463\" src=\"https:\/\/compihelpbern.ch\/wp\/wp-content\/uploads\/2014\/03\/2013-03-09_wv-DSCN9151-300x225.jpg\" alt=\"\" width=\"799\" height=\"599\" srcset=\"https:\/\/compihelpbern.ch\/wp\/wp-content\/uploads\/2014\/03\/2013-03-09_wv-DSCN9151-300x225.jpg 300w, https:\/\/compihelpbern.ch\/wp\/wp-content\/uploads\/2014\/03\/2013-03-09_wv-DSCN9151-768x576.jpg 768w, https:\/\/compihelpbern.ch\/wp\/wp-content\/uploads\/2014\/03\/2013-03-09_wv-DSCN9151.jpg 800w\" sizes=\"auto, (max-width: 799px) 100vw, 799px\" \/><\/p>\n<p>Christian Rupp, Leiter der Regionalgruppe B\u00e4re-H\u00f6ck begr\u00fcsste uns herzlich. Zwei Mitarbeiterinnen der SNB hiessen uns willkommen und informierten uns in der ersten Stunde anhand von Folien \u00fcber die Geschichte, den Auftrag und wie die einzelnen Prozesse, das Sammeln, das Sichten und Einordnen, Erhalten (Konservieren) und das Vermitteln durch Ausleihe oder Einsichtnahme ablaufen.<\/p>\n<p><img loading=\"lazy\" decoding=\"async\" class=\"alignnone  wp-image-8464\" src=\"https:\/\/compihelpbern.ch\/wp\/wp-content\/uploads\/2014\/03\/2013-03-09_wv-DSCN9152-300x225.jpg\" alt=\"\" width=\"804\" height=\"603\" srcset=\"https:\/\/compihelpbern.ch\/wp\/wp-content\/uploads\/2014\/03\/2013-03-09_wv-DSCN9152-300x225.jpg 300w, https:\/\/compihelpbern.ch\/wp\/wp-content\/uploads\/2014\/03\/2013-03-09_wv-DSCN9152-768x576.jpg 768w, https:\/\/compihelpbern.ch\/wp\/wp-content\/uploads\/2014\/03\/2013-03-09_wv-DSCN9152.jpg 800w\" sizes=\"auto, (max-width: 804px) 100vw, 804px\" \/><\/p>\n<p>Alle diese Informationen sind selbstverst\u00e4ndlich auf der <a href=\"http:\/\/www.nb.admin.ch\/aktuelles\/index.html?lang=de\" target=\"_blank\" rel=\"noopener\">Homepage der SNB<\/a> zu finden. Ich brauche sie hier nicht mehr zu wiederholen. Als Muster der verschiedenen Sparten in den Sammlungen fanden wir auf dem Tisch einige uns bekannte Titel und zu unserer \u00dcberraschung auch eine gedruckte erste Einf\u00fchrung ins Seniorweb der ersten Stunde. Die Schrift figuriert wohl unter &#8220;graue Literatur&#8221;.<\/p>\n<p><img loading=\"lazy\" decoding=\"async\" class=\"alignnone  wp-image-8465\" src=\"https:\/\/compihelpbern.ch\/wp\/wp-content\/uploads\/2014\/03\/2013-03-09_wv-DSCN9153-225x300.jpg\" alt=\"\" width=\"452\" height=\"603\" srcset=\"https:\/\/compihelpbern.ch\/wp\/wp-content\/uploads\/2014\/03\/2013-03-09_wv-DSCN9153-225x300.jpg 225w, https:\/\/compihelpbern.ch\/wp\/wp-content\/uploads\/2014\/03\/2013-03-09_wv-DSCN9153.jpg 450w\" sizes=\"auto, (max-width: 452px) 100vw, 452px\" \/><\/p>\n<p><img loading=\"lazy\" decoding=\"async\" class=\"alignnone  wp-image-8466\" src=\"https:\/\/compihelpbern.ch\/wp\/wp-content\/uploads\/2014\/03\/2013-03-09_wv-DSCN9154-300x174.jpg\" alt=\"\" width=\"776\" height=\"450\" srcset=\"https:\/\/compihelpbern.ch\/wp\/wp-content\/uploads\/2014\/03\/2013-03-09_wv-DSCN9154-300x174.jpg 300w, https:\/\/compihelpbern.ch\/wp\/wp-content\/uploads\/2014\/03\/2013-03-09_wv-DSCN9154-768x446.jpg 768w, https:\/\/compihelpbern.ch\/wp\/wp-content\/uploads\/2014\/03\/2013-03-09_wv-DSCN9154.jpg 775w\" sizes=\"auto, (max-width: 776px) 100vw, 776px\" \/><\/p>\n<p>Vis \u00e0 vis der grosse Lesesaal, z. T. im Stil der 30er Jahre erhalten! Er ist vom Publikumsverkehr und F\u00fchrungen sorgf\u00e4ltig abgeschottet, da peinlich auf Ruhe geachtet wird!<\/p>\n<p><img loading=\"lazy\" decoding=\"async\" class=\"alignnone  wp-image-8473\" src=\"https:\/\/compihelpbern.ch\/wp\/wp-content\/uploads\/2014\/03\/2013-03-09_wv-DSCN9165-300x169.jpg\" alt=\"\" width=\"802\" height=\"452\" srcset=\"https:\/\/compihelpbern.ch\/wp\/wp-content\/uploads\/2014\/03\/2013-03-09_wv-DSCN9165-300x169.jpg 300w, https:\/\/compihelpbern.ch\/wp\/wp-content\/uploads\/2014\/03\/2013-03-09_wv-DSCN9165-768x432.jpg 768w, https:\/\/compihelpbern.ch\/wp\/wp-content\/uploads\/2014\/03\/2013-03-09_wv-DSCN9165.jpg 800w\" sizes=\"auto, (max-width: 802px) 100vw, 802px\" \/><\/p>\n<p>Eindr\u00fccklich war dann die F\u00fchrung in zwei Gruppen durch die &#8220;Heiligen Hallen&#8221; der Leses\u00e4le, des oben schon genannten Katalograumes, des Zeitungsarchives und der Schweizerischen Literatursammlung in den oberen Stockwerken. Hier das Panorama im modern eingerichteten Katalograum.<\/p>\n<p><img loading=\"lazy\" decoding=\"async\" class=\"alignnone  wp-image-8475\" src=\"https:\/\/compihelpbern.ch\/wp\/wp-content\/uploads\/2014\/03\/2013-03-09_wv-DSCN9169-300x225.jpg\" alt=\"\" width=\"801\" height=\"601\" srcset=\"https:\/\/compihelpbern.ch\/wp\/wp-content\/uploads\/2014\/03\/2013-03-09_wv-DSCN9169-300x225.jpg 300w, https:\/\/compihelpbern.ch\/wp\/wp-content\/uploads\/2014\/03\/2013-03-09_wv-DSCN9169-768x576.jpg 768w, https:\/\/compihelpbern.ch\/wp\/wp-content\/uploads\/2014\/03\/2013-03-09_wv-DSCN9169.jpg 800w\" sizes=\"auto, (max-width: 801px) 100vw, 801px\" \/><\/p>\n<p>Mich interessierten die alten Karteik\u00e4sten, in denen ich in den 60er Jahren einmal selbst forschte. Unter den ber\u00fchmten Personen suchte ich nach meinem Familiennamen, fand ihn mindestens auf drei oder vier K\u00e4rtchen, jedoch keinen mir Bekannten oder Verwandten &#8211; leider.<\/p>\n<p><img loading=\"lazy\" decoding=\"async\" class=\"alignnone  wp-image-8469\" src=\"https:\/\/compihelpbern.ch\/wp\/wp-content\/uploads\/2014\/03\/2013-03-09_wv-DSCN9159-300x225.jpg\" alt=\"\" width=\"803\" height=\"602\" srcset=\"https:\/\/compihelpbern.ch\/wp\/wp-content\/uploads\/2014\/03\/2013-03-09_wv-DSCN9159-300x225.jpg 300w, https:\/\/compihelpbern.ch\/wp\/wp-content\/uploads\/2014\/03\/2013-03-09_wv-DSCN9159-768x576.jpg 768w, https:\/\/compihelpbern.ch\/wp\/wp-content\/uploads\/2014\/03\/2013-03-09_wv-DSCN9159.jpg 800w\" sizes=\"auto, (max-width: 803px) 100vw, 803px\" \/><\/p>\n<p>Bei unserer Erkundungstour im Hauptgeb\u00e4ude sahen wir nat\u00fcrlich nur einen kleinen Teil der R\u00e4ume und der offenen Auslagen von Publikationen oder B\u00fcchersammlungen.<\/p>\n<p><img loading=\"lazy\" decoding=\"async\" class=\"alignnone  wp-image-8467\" src=\"https:\/\/compihelpbern.ch\/wp\/wp-content\/uploads\/2014\/03\/2013-03-09_wv-DSCN9155-300x200.jpg\" alt=\"\" width=\"803\" height=\"535\" srcset=\"https:\/\/compihelpbern.ch\/wp\/wp-content\/uploads\/2014\/03\/2013-03-09_wv-DSCN9155-300x200.jpg 300w, https:\/\/compihelpbern.ch\/wp\/wp-content\/uploads\/2014\/03\/2013-03-09_wv-DSCN9155-768x512.jpg 768w, https:\/\/compihelpbern.ch\/wp\/wp-content\/uploads\/2014\/03\/2013-03-09_wv-DSCN9155.jpg 800w\" sizes=\"auto, (max-width: 803px) 100vw, 803px\" \/><\/p>\n<p>Daf\u00fcr erlaubten wir uns, durch Glasscheiben und Mauerdurchbr\u00fcche in Arbeitsr\u00e4ume und auf Benutzerpl\u00e4tze einen Blick zu werfen. Hier ins Schweizerische Literaturarchiv, wo an der Erschliessung und sorgf\u00e4ltigen Archivierung der Werke gearbeitet wird.<\/p>\n<p><img loading=\"lazy\" decoding=\"async\" class=\"alignnone  wp-image-8468\" src=\"https:\/\/compihelpbern.ch\/wp\/wp-content\/uploads\/2014\/03\/2013-03-09_wv-DSCN9156-225x300.jpg\" alt=\"\" width=\"453\" height=\"604\" srcset=\"https:\/\/compihelpbern.ch\/wp\/wp-content\/uploads\/2014\/03\/2013-03-09_wv-DSCN9156-225x300.jpg 225w, https:\/\/compihelpbern.ch\/wp\/wp-content\/uploads\/2014\/03\/2013-03-09_wv-DSCN9156.jpg 450w\" sizes=\"auto, (max-width: 453px) 100vw, 453px\" \/><\/p>\n<p>Innenarchitektur unter Einbezug der alten Bausubstanz!<\/p>\n<p><img loading=\"lazy\" decoding=\"async\" class=\"alignnone  wp-image-8470\" src=\"https:\/\/compihelpbern.ch\/wp\/wp-content\/uploads\/2014\/03\/2013-03-09_wv-DSCN9160-225x300.jpg\" alt=\"\" width=\"450\" height=\"600\" srcset=\"https:\/\/compihelpbern.ch\/wp\/wp-content\/uploads\/2014\/03\/2013-03-09_wv-DSCN9160-225x300.jpg 225w, https:\/\/compihelpbern.ch\/wp\/wp-content\/uploads\/2014\/03\/2013-03-09_wv-DSCN9160.jpg 450w\" sizes=\"auto, (max-width: 450px) 100vw, 450px\" \/><\/p>\n<p>Die zwar renovierten Geb\u00e4udeteile sind f\u00fcr die damalige revolution\u00e4re Bauweise auch heute noch f\u00fcr foto-grafische Ansichten sehr attraktiv, wenn auch f\u00fcr das Personal nach dessen Urteil sehr n\u00fcchtern und kalt. Immerhin kann man hier offenbar den Sonnenschutz und die L\u00fcftung noch von Hand bedienen; die Schn\u00fcre, Ketten und Rollen sind alle noch funktionst\u00fcchtig.<\/p>\n<p><img loading=\"lazy\" decoding=\"async\" class=\"alignnone  wp-image-8471\" src=\"https:\/\/compihelpbern.ch\/wp\/wp-content\/uploads\/2014\/03\/2013-03-09_wv-DSCN9162-300x225.jpg\" alt=\"\" width=\"801\" height=\"601\" srcset=\"https:\/\/compihelpbern.ch\/wp\/wp-content\/uploads\/2014\/03\/2013-03-09_wv-DSCN9162-300x225.jpg 300w, https:\/\/compihelpbern.ch\/wp\/wp-content\/uploads\/2014\/03\/2013-03-09_wv-DSCN9162-768x576.jpg 768w, https:\/\/compihelpbern.ch\/wp\/wp-content\/uploads\/2014\/03\/2013-03-09_wv-DSCN9162.jpg 800w\" sizes=\"auto, (max-width: 801px) 100vw, 801px\" \/><\/p>\n<p><br \/><img loading=\"lazy\" decoding=\"async\" class=\"alignnone  wp-image-8472\" src=\"https:\/\/compihelpbern.ch\/wp\/wp-content\/uploads\/2014\/03\/2013-03-09_wv-DSCN9164-300x169.jpg\" alt=\"\" width=\"801\" height=\"451\" srcset=\"https:\/\/compihelpbern.ch\/wp\/wp-content\/uploads\/2014\/03\/2013-03-09_wv-DSCN9164-300x169.jpg 300w, https:\/\/compihelpbern.ch\/wp\/wp-content\/uploads\/2014\/03\/2013-03-09_wv-DSCN9164-768x432.jpg 768w, https:\/\/compihelpbern.ch\/wp\/wp-content\/uploads\/2014\/03\/2013-03-09_wv-DSCN9164.jpg 800w\" sizes=\"auto, (max-width: 801px) 100vw, 801px\" \/><\/p>\n<p>Ich vermute, dass es ich hier um einen Warenlift handelt, der angeforderte B\u00fccher aus den klimatisierten Tieflagern herauf an die Benutzerpl\u00e4tze bringt.<\/p>\n<p>Alles, was irgendwie einmal gedruckt und ver\u00f6ffentlicht wurde, ist hier geb\u00fcndelt, gesammelt, registriert und abgelegt. Es kann auf einfache Weise, z. T. sogar online nachgefragt und aufgerufen werden. Die Institution sorgt so f\u00fcr Grundlagen jeglicher Forschung, Nachforschung, Geschichtsforschung und dient nat\u00fcrlich vorwiegend den Studierenden bei ihren Recherchen. Ich frage mich jetzt, ob ich die alten Geschichtsb\u00fccher in meinem B\u00fcchergestell eigentlich noch behalten soll. Die Nationalbibliothek hat sie ja auch noch!<\/p>\n<p><img loading=\"lazy\" decoding=\"async\" class=\"alignnone  wp-image-8476\" src=\"https:\/\/compihelpbern.ch\/wp\/wp-content\/uploads\/2014\/03\/2013-03-09_wv-DSCN9170-300x225.jpg\" alt=\"\" width=\"804\" height=\"603\" srcset=\"https:\/\/compihelpbern.ch\/wp\/wp-content\/uploads\/2014\/03\/2013-03-09_wv-DSCN9170-300x225.jpg 300w, https:\/\/compihelpbern.ch\/wp\/wp-content\/uploads\/2014\/03\/2013-03-09_wv-DSCN9170-768x576.jpg 768w, https:\/\/compihelpbern.ch\/wp\/wp-content\/uploads\/2014\/03\/2013-03-09_wv-DSCN9170.jpg 800w\" sizes=\"auto, (max-width: 804px) 100vw, 804px\" \/><\/p>\n<p>Mit vielen Eindr\u00fccken beladen genossen wir den Abschluss dieses Ausfluges in die &#8220;fortschreitende&#8221; Vergangenheit und Geschichte im Bistro bei Kaffee, Gipfeli und lebhaften Gespr\u00e4chen.<\/p>\n<p>Herzlichen Dank an Christian, der uns diesen Nachmittag eingef\u00e4delt hatte. Der n\u00e4chste interessante Besuch ist schon in Sicht: Das Zither-Kulturzentrum in Trachselwald!<\/p>\n<p>Bericht und Bilder: WillY<\/p>\n","protected":false},"excerpt":{"rendered":"<p>Dies ist der gesetzliche Auftrag der Schweizerischen Nationalbibliothek in Bern &#8211; fr\u00fcher Landesbibliothek genannt.<\/p>\n","protected":false},"author":10,"featured_media":7074,"comment_status":"open","ping_status":"closed","sticky":false,"template":"","format":"standard","meta":{"advgb_blocks_editor_width":"","advgb_blocks_columns_visual_guide":"","site-container-style":"default","site-container-layout":"default","site-sidebar-layout":"default","site-transparent-header":"default","disable-article-header":"default","disable-site-header":"default","disable-site-footer":"default","disable-content-area-spacing":"default","footnotes":""},"categories":[4,20],"tags":[],"class_list":["post-6989","post","type-post","status-publish","format-standard","has-post-thumbnail","hentry","category-1-baerehoeck","category-magazin"],"author_meta":{"display_name":"WillY","author_link":"https:\/\/compihelpbern.ch\/wp\/archive\/author\/willy"},"featured_img":"https:\/\/compihelpbern.ch\/wp\/wp-content\/uploads\/2014\/03\/2013-03-09_wv-DSCN9167-300x146.jpg","coauthors":[],"tax_additional":{"categories":{"linked":["<a href=\"https:\/\/compihelpbern.ch\/wp\/archive\/category\/1-baerehoeck\" class=\"advgb-post-tax-term\">B\u00e4reh\u00f6ck-Berichte<\/a>","<a href=\"https:\/\/compihelpbern.ch\/wp\/archive\/category\/magazin\" class=\"advgb-post-tax-term\">Magazin<\/a>"],"unlinked":["<span class=\"advgb-post-tax-term\">B\u00e4reh\u00f6ck-Berichte<\/span>","<span class=\"advgb-post-tax-term\">Magazin<\/span>"]}},"comment_count":"0","relative_dates":{"created":"Ver\u00f6ffentlicht 12\u00a0Jahren vor","modified":"Aktualisiert 3\u00a0Jahren vor"},"absolute_dates":{"created":"Ver\u00f6ffentlicht am 12. M\u00e4rz 2014","modified":"Aktualisiert am 31. Oktober 2023"},"absolute_dates_time":{"created":"Ver\u00f6ffentlicht am 12. M\u00e4rz 2014 15:34","modified":"Aktualisiert am 31. Oktober 2023 12:23"},"featured_img_caption":"","series_order":"","publishpress_future_action":{"enabled":false,"date":"2026-06-01 14:19:09","action":"change-status","newStatus":"draft","terms":[],"taxonomy":"category","extraData":[]},"publishpress_future_workflow_manual_trigger":{"enabledWorkflows":[]},"_links":{"self":[{"href":"https:\/\/compihelpbern.ch\/wp\/wp-json\/wp\/v2\/posts\/6989","targetHints":{"allow":["GET"]}}],"collection":[{"href":"https:\/\/compihelpbern.ch\/wp\/wp-json\/wp\/v2\/posts"}],"about":[{"href":"https:\/\/compihelpbern.ch\/wp\/wp-json\/wp\/v2\/types\/post"}],"author":[{"embeddable":true,"href":"https:\/\/compihelpbern.ch\/wp\/wp-json\/wp\/v2\/users\/10"}],"replies":[{"embeddable":true,"href":"https:\/\/compihelpbern.ch\/wp\/wp-json\/wp\/v2\/comments?post=6989"}],"version-history":[{"count":0,"href":"https:\/\/compihelpbern.ch\/wp\/wp-json\/wp\/v2\/posts\/6989\/revisions"}],"wp:featuredmedia":[{"embeddable":true,"href":"https:\/\/compihelpbern.ch\/wp\/wp-json\/wp\/v2\/media\/7074"}],"wp:attachment":[{"href":"https:\/\/compihelpbern.ch\/wp\/wp-json\/wp\/v2\/media?parent=6989"}],"wp:term":[{"taxonomy":"category","embeddable":true,"href":"https:\/\/compihelpbern.ch\/wp\/wp-json\/wp\/v2\/categories?post=6989"},{"taxonomy":"post_tag","embeddable":true,"href":"https:\/\/compihelpbern.ch\/wp\/wp-json\/wp\/v2\/tags?post=6989"}],"curies":[{"name":"wp","href":"https:\/\/api.w.org\/{rel}","templated":true}]}}