{"id":6983,"date":"2009-10-25T14:51:00","date_gmt":"2009-10-25T13:51:00","guid":{"rendered":"https:\/\/compihelpbern.ch\/wp\/?p=6983"},"modified":"2025-12-30T13:50:28","modified_gmt":"2025-12-30T12:50:28","slug":"der-baere-hoeck-am-baere-park-maerit-2009","status":"publish","type":"post","link":"https:\/\/compihelpbern.ch\/wp\/archive\/6983","title":{"rendered":"Der B\u00e4re-H\u00f6ck am B\u00e4re-Park-M\u00e4rit 2009"},"content":{"rendered":"\n<p><strong>\u00abB\u00e4rentanz \u2013 Der B\u00e4r ist los\u00bb<\/strong><\/p>\n<p>Unter diesem Motto fand in Bern am Sonntag, 25. Oktober 2009 rund um den alten B\u00e4rengraben und den neuen B\u00e4ren-Park ein kulturelles und poetisches B\u00e4renfest f\u00fcr Jung und Alt statt, mit viel Interessantem rund um die B\u00e4ren. Zum Festgel\u00e4nde geh\u00f6rten der Muristalden, die Nydeggbr\u00fccke und -gasse, der Kl\u00f6sterlistutz und die Untertorbr\u00fccke.<\/p>\n<p>Und der B\u00e4re-H\u00f6ck ist aktiv dabei, am Stand Nummer 62, mit dem Motto<\/p>\n<p>\u00ab<strong>Dr B\u00e4re-H\u00f6ck f\u00fcr d\u2018B\u00e4re im B\u00e4re-Park z B\u00e4rn<\/strong>\u00bb.<\/p>\n<p>&nbsp;<\/p>\n<figure id=\"attachment_8332\" aria-describedby=\"caption-attachment-8332\" style=\"width: 626px\" class=\"wp-caption alignnone\"><img loading=\"lazy\" decoding=\"async\" class=\" wp-image-8332\" src=\"https:\/\/compihelpbern.ch\/wp\/wp-content\/uploads\/2009\/10\/DSC03776_bearbeitet-1-1-300x200.jpg\" alt=\"\" width=\"626\" height=\"418\" srcset=\"https:\/\/compihelpbern.ch\/wp\/wp-content\/uploads\/2009\/10\/DSC03776_bearbeitet-1-1-300x200.jpg 300w, https:\/\/compihelpbern.ch\/wp\/wp-content\/uploads\/2009\/10\/DSC03776_bearbeitet-1-1.jpg 640w\" sizes=\"auto, (max-width: 626px) 100vw, 626px\" \/><figcaption id=\"caption-attachment-8332\" class=\"wp-caption-text\">Der Stand ist bereit, das Team freut sich auf den Einsatz<\/figcaption><\/figure>\n<p>Bekanntlich treffen sich die Mitglieder von seniorweb nicht nur virtuell im Internet, sondern auch zu ganz realen&nbsp; Aktivit\u00e4ten in den Regionen. So hat zum Beispiel der Berner \u00abB\u00e4re-H\u00f6ck\u00bb auf originelle Weise am Einweihungsfest des neuen Berner B\u00e4ren-Parks teilgenommen und auf seniorweb aufmerksam gemacht. Die B\u00e4re-H\u00f6ckler berichten dar\u00fcber.<\/p>\n<p>Die Idee hatte Jean-Pierre: Der \u00abB\u00e4re-H\u00f6ck\u00bb solle sich um einen der 75 St\u00e4nde am B\u00e4rem\u00e4rit bewerben, der zum Er\u00f6ffnungsfest des neuen B\u00e4ren-Parks am Sonntag, dem 25. Oktober 2009 stattfindet. Nur Projekte mit Bezug zu B\u00e4ren w\u00fcrden einen Stand erhalten.<\/p>\n<p>Dazu waren wir geradezu pr\u00e4destiniert, haben wir doch neben unserem Regionalgruppen-Namen \u00abB\u00e4re-H\u00f6ck\u00bb unseren \u00abB\u00e4renw\u00e4rter\u00bb Ren\u00e9 als Boss und Walter, den \u00abB\u00e4remanni\u00bb, als Oberwanderer!<\/p>\n<p>Ein Konzept mit B\u00e4ren-Produkten und einem Wettbewerb wurde erstellt, das bei der Jury ankam. Wir erhielten einen Marktstand zugeteilt und bildeten ein 12-k\u00f6pfiges Projektteam.<\/p>\n<p>Li stellte mit Unterst\u00fctzung von drei \u00abB\u00e4re-H\u00f6cklerinnen\u00bb 350 S\u00e4ckli mit B\u00e4redr\u00e4ck, Guetzli und Popcorn her, die sie mit den von Willy entworfenen Etiketten mit Inhaltsangaben versahen.<\/p>\n<p>Ein 3-k\u00f6pfiges Team unter der Leitung von Peter sorgte f\u00fcr fast 300 H\u00f6nig-T\u00f6pfli.<\/p>\n<p>Derselbe Peter, Teamchef der Projektgruppe f\u00fcr den neuen Webauftritt,&nbsp; gestaltete einen B\u00e4re-H\u00f6ck-Flyer, der an Interessierte verteilt wurde, und k\u00fcmmerte sich auch um die anderen Druckerei-Arbeiten.<\/p>\n<p>Andreas \u00fcbernahm den Wettbewerb mit 10 schlauen Fragen zu den B\u00e4ren, die er zusammen mit Walter Bosshard, dem B\u00e4renw\u00e4rter des neuen B\u00e4ren-Parks, formulierte und sorgte f\u00fcr attraktive Preise.<\/p>\n<figure id=\"attachment_8333\" aria-describedby=\"caption-attachment-8333\" style=\"width: 581px\" class=\"wp-caption alignnone\"><img loading=\"lazy\" decoding=\"async\" class=\" wp-image-8333\" src=\"https:\/\/compihelpbern.ch\/wp\/wp-content\/uploads\/2009\/10\/DSC03801-300x200.jpg\" alt=\"\" width=\"581\" height=\"387\" srcset=\"https:\/\/compihelpbern.ch\/wp\/wp-content\/uploads\/2009\/10\/DSC03801-300x200.jpg 300w, https:\/\/compihelpbern.ch\/wp\/wp-content\/uploads\/2009\/10\/DSC03801.jpg 640w\" sizes=\"auto, (max-width: 581px) 100vw, 581px\" \/><figcaption id=\"caption-attachment-8333\" class=\"wp-caption-text\">Das Wettbewerbsplakat ist \u00fcberall pr\u00e4sent<\/figcaption><\/figure>\n<p>Willy, unser Hoffotograf, entwarf und beschaffte eine Plakatbanderole mit dem augenf\u00e4lligen Spruch. \u00ab<strong>Dr B\u00e4re-H\u00f6ck f\u00fcr d\u2018B\u00e4re im B\u00e4re-Park z B\u00e4rn<\/strong>\u00bb. Unser \u00abB\u00e4remanni\u00bb besorgte Licht, Regenschutz und Strom f\u00fcr den Stand. Das Strippenziehen \u00fcbernahmen Christian und Jean-Pierre, wobei letzterer sich zwischendurch nach Irland absetzte, von dort aber unser Tun verfolgte und sich ob der emsigen Aktivit\u00e4ten freute.<\/p>\n<p>Am Festtags-Sonntag hatte das Team unter \u00abB\u00e4remannis\u00bb Leitung den Stand schon um 8:00 Uhr aufgebaut, wobei das florale Kunstwerk von Christiane E. Bracher, Jean-Pierres Liebster, dem Stand seinen letzten Schliff gab!<\/p>\n<figure id=\"attachment_8334\" aria-describedby=\"caption-attachment-8334\" style=\"width: 579px\" class=\"wp-caption alignnone\"><img loading=\"lazy\" decoding=\"async\" class=\" wp-image-8334\" src=\"https:\/\/compihelpbern.ch\/wp\/wp-content\/uploads\/2009\/10\/DSC03767_bearbeitet-1-300x200.jpg\" alt=\"\" width=\"579\" height=\"386\" srcset=\"https:\/\/compihelpbern.ch\/wp\/wp-content\/uploads\/2009\/10\/DSC03767_bearbeitet-1-300x200.jpg 300w, https:\/\/compihelpbern.ch\/wp\/wp-content\/uploads\/2009\/10\/DSC03767_bearbeitet-1.jpg 640w\" sizes=\"auto, (max-width: 579px) 100vw, 579px\" \/><figcaption id=\"caption-attachment-8334\" class=\"wp-caption-text\">8 Uhr, der Stand wird aufgebaut<\/figcaption><\/figure>\n<p>Als man um 9:00 Uhr die ersten Kunden erwartete, erschien unser \u00abB\u00e4rew\u00e4rter\u00bb zur Inspektion. Ihm wurde der Stand mit seinen Auslagen pr\u00e4sentiert: 350 S\u00e4ckli selbst gebackene G\u00fcetzi und Muffins, dazu B\u00e4redr\u00e4ck-Rollen und Popkorn in H\u00fclle und F\u00fclle, Gummib\u00e4rchen und fast 300 D\u00f6schen B\u00e4re-Honig vom Gurten, dem Berner Hausberg. Dazu rechts und links je ein Laptop mit Dauerbildserien \u00fcber den \u00abB\u00e4re-H\u00f6ck\u00bb und einer Online-Demo von seniorweb.ch.<\/p>\n<p><img loading=\"lazy\" decoding=\"async\" class=\"alignnone  wp-image-8335\" src=\"https:\/\/compihelpbern.ch\/wp\/wp-content\/uploads\/2009\/10\/DSC03900_bearbeitet-1-300x300.jpg\" alt=\"\" width=\"479\" height=\"479\" srcset=\"https:\/\/compihelpbern.ch\/wp\/wp-content\/uploads\/2009\/10\/DSC03900_bearbeitet-1-300x300.jpg 300w, https:\/\/compihelpbern.ch\/wp\/wp-content\/uploads\/2009\/10\/DSC03900_bearbeitet-1-150x150.jpg 150w, https:\/\/compihelpbern.ch\/wp\/wp-content\/uploads\/2009\/10\/DSC03900_bearbeitet-1.jpg 480w\" sizes=\"auto, (max-width: 479px) 100vw, 479px\" \/><\/p>\n<p>Prisca und Andreas zeigten sich als geborene Verk\u00e4ufer. Prisca \u00fcberzeugte mit ihrem Lachen und ihrer ansteckend guten Laune und Andreas mit seiner Argumentation: Nachdem er erfahren hatte, der Honig stamme von einem Hobby-Imker, welcher Arzt in einer privaten Sch\u00f6nheitsklinik ist, war sein Verkaufsargument, der Honig werde als Sch\u00f6nheitsmittel millionenschweren Kunden verschrieben nach dem Motto: \u00abNur das Beste ist f\u00fcr meine Patienten gut, man ist es sich wert!\u00bb<\/p>\n<p><img loading=\"lazy\" decoding=\"async\" class=\"alignnone  wp-image-8336\" src=\"https:\/\/compihelpbern.ch\/wp\/wp-content\/uploads\/2009\/10\/DSC03896_bearbeitet-1-300x300.jpg\" alt=\"\" width=\"496\" height=\"496\" srcset=\"https:\/\/compihelpbern.ch\/wp\/wp-content\/uploads\/2009\/10\/DSC03896_bearbeitet-1-300x300.jpg 300w, https:\/\/compihelpbern.ch\/wp\/wp-content\/uploads\/2009\/10\/DSC03896_bearbeitet-1-150x150.jpg 150w, https:\/\/compihelpbern.ch\/wp\/wp-content\/uploads\/2009\/10\/DSC03896_bearbeitet-1.jpg 480w\" sizes=\"auto, (max-width: 496px) 100vw, 496px\" \/><\/p>\n<p>Amerikanisch versteigerte Andreas um 16:30 Uhr die letzten S\u00e4ckli B\u00e4redr\u00e4ck und Popkorn, was der Kasse 24 Franken und ihm Heiserkeit einbrachte.<\/p>\n\n\n\n<figure class=\"wp-block-gallery has-nested-images columns-default is-cropped wp-block-gallery-1 is-layout-flex wp-block-gallery-is-layout-flex\">\n<figure class=\"wp-block-image size-large\"><a href=\"https:\/\/compihelpbern.ch\/wp\/wp-content\/uploads\/2023\/10\/DSC03783_bearbeitet-1.jpg\"><img loading=\"lazy\" decoding=\"async\" width=\"480\" height=\"480\" data-id=\"8339\" src=\"https:\/\/compihelpbern.ch\/wp\/wp-content\/uploads\/2023\/10\/DSC03783_bearbeitet-1.jpg\" alt=\"\" class=\"wp-image-8339\" srcset=\"https:\/\/compihelpbern.ch\/wp\/wp-content\/uploads\/2023\/10\/DSC03783_bearbeitet-1.jpg 480w, https:\/\/compihelpbern.ch\/wp\/wp-content\/uploads\/2023\/10\/DSC03783_bearbeitet-1-300x300.jpg 300w, https:\/\/compihelpbern.ch\/wp\/wp-content\/uploads\/2023\/10\/DSC03783_bearbeitet-1-150x150.jpg 150w\" sizes=\"auto, (max-width: 480px) 100vw, 480px\" \/><\/a><\/figure>\n\n\n\n<figure class=\"wp-block-image size-large\"><a href=\"https:\/\/compihelpbern.ch\/wp\/wp-content\/uploads\/2023\/10\/DSC03812_bearbeitet-1.jpg\"><img loading=\"lazy\" decoding=\"async\" width=\"640\" height=\"426\" data-id=\"8340\" src=\"https:\/\/compihelpbern.ch\/wp\/wp-content\/uploads\/2023\/10\/DSC03812_bearbeitet-1.jpg\" alt=\"\" class=\"wp-image-8340\" srcset=\"https:\/\/compihelpbern.ch\/wp\/wp-content\/uploads\/2023\/10\/DSC03812_bearbeitet-1.jpg 640w, https:\/\/compihelpbern.ch\/wp\/wp-content\/uploads\/2023\/10\/DSC03812_bearbeitet-1-300x200.jpg 300w\" sizes=\"auto, (max-width: 640px) 100vw, 640px\" \/><\/a><figcaption class=\"wp-element-caption\">&#8220;Ich bin eine BAERLINerin&#8221;<\/figcaption><\/figure>\n\n\n\n<figure class=\"wp-block-image size-large\"><a href=\"https:\/\/compihelpbern.ch\/wp\/wp-content\/uploads\/2023\/10\/DSC03833_bearbeitet-1.jpg\"><img loading=\"lazy\" decoding=\"async\" width=\"640\" height=\"427\" data-id=\"8341\" src=\"https:\/\/compihelpbern.ch\/wp\/wp-content\/uploads\/2023\/10\/DSC03833_bearbeitet-1.jpg\" alt=\"\" class=\"wp-image-8341\" srcset=\"https:\/\/compihelpbern.ch\/wp\/wp-content\/uploads\/2023\/10\/DSC03833_bearbeitet-1.jpg 640w, https:\/\/compihelpbern.ch\/wp\/wp-content\/uploads\/2023\/10\/DSC03833_bearbeitet-1-300x200.jpg 300w\" sizes=\"auto, (max-width: 640px) 100vw, 640px\" \/><\/a><figcaption class=\"wp-element-caption\">Er erweist sich als gewiefter Marktfahrer!<\/figcaption><\/figure>\n\n\n\n<figure class=\"wp-block-image size-large\"><a href=\"https:\/\/compihelpbern.ch\/wp\/wp-content\/uploads\/2023\/10\/DSC03849_bearbeitet-1.jpg\"><img loading=\"lazy\" decoding=\"async\" width=\"640\" height=\"413\" data-id=\"8342\" src=\"https:\/\/compihelpbern.ch\/wp\/wp-content\/uploads\/2023\/10\/DSC03849_bearbeitet-1.jpg\" alt=\"\" class=\"wp-image-8342\" srcset=\"https:\/\/compihelpbern.ch\/wp\/wp-content\/uploads\/2023\/10\/DSC03849_bearbeitet-1.jpg 640w, https:\/\/compihelpbern.ch\/wp\/wp-content\/uploads\/2023\/10\/DSC03849_bearbeitet-1-300x194.jpg 300w\" sizes=\"auto, (max-width: 640px) 100vw, 640px\" \/><\/a><figcaption class=\"wp-element-caption\">Das Herbstlaub sorgt f\u00fcr ein goldenes Dach \u00fcber dem Markt<\/figcaption><\/figure>\n\n\n\n<figure class=\"wp-block-image size-large\"><a href=\"https:\/\/compihelpbern.ch\/wp\/wp-content\/uploads\/2023\/10\/DSC03851_bearbeitet-1.jpg\"><img loading=\"lazy\" decoding=\"async\" width=\"640\" height=\"425\" data-id=\"8343\" src=\"https:\/\/compihelpbern.ch\/wp\/wp-content\/uploads\/2023\/10\/DSC03851_bearbeitet-1.jpg\" alt=\"\" class=\"wp-image-8343\" srcset=\"https:\/\/compihelpbern.ch\/wp\/wp-content\/uploads\/2023\/10\/DSC03851_bearbeitet-1.jpg 640w, https:\/\/compihelpbern.ch\/wp\/wp-content\/uploads\/2023\/10\/DSC03851_bearbeitet-1-300x199.jpg 300w\" sizes=\"auto, (max-width: 640px) 100vw, 640px\" \/><\/a><figcaption class=\"wp-element-caption\">Schwierig, durch die Massen durchzukommen<\/figcaption><\/figure>\n\n\n\n<figure class=\"wp-block-image size-large\"><a href=\"https:\/\/compihelpbern.ch\/wp\/wp-content\/uploads\/2023\/10\/DSC03862_bearbeitet-1.jpg\"><img loading=\"lazy\" decoding=\"async\" width=\"640\" height=\"426\" data-id=\"8344\" src=\"https:\/\/compihelpbern.ch\/wp\/wp-content\/uploads\/2023\/10\/DSC03862_bearbeitet-1.jpg\" alt=\"\" class=\"wp-image-8344\" srcset=\"https:\/\/compihelpbern.ch\/wp\/wp-content\/uploads\/2023\/10\/DSC03862_bearbeitet-1.jpg 640w, https:\/\/compihelpbern.ch\/wp\/wp-content\/uploads\/2023\/10\/DSC03862_bearbeitet-1-300x200.jpg 300w\" sizes=\"auto, (max-width: 640px) 100vw, 640px\" \/><\/a><figcaption class=\"wp-element-caption\">Wieder am Stand, der Popkornberg wird kleiner<\/figcaption><\/figure>\n<\/figure>\n\n\n\n<p>Als Li nach einer Pause gegen 16:30 Uhr an den Stand zur\u00fcckkam, war sie bass erstaunt, weil sie sah, das Popcorn ist ausverkauft. Noch am Morgen hatte ihr Gatte angeboten, sie am Abend mit dem nicht verkauften Popcorn per Auto heimzuholen, wurden doch fast 100 % mehr Popcorn hergestellt, als urspr\u00fcnglich geplant!<\/p>\n<figure id=\"attachment_8353\" aria-describedby=\"caption-attachment-8353\" style=\"width: 596px\" class=\"wp-caption alignnone\"><img loading=\"lazy\" decoding=\"async\" class=\" wp-image-8353\" src=\"https:\/\/compihelpbern.ch\/wp\/wp-content\/uploads\/2009\/10\/DSC03906_bearbeitet-1-300x200.jpg\" alt=\"\" width=\"596\" height=\"397\" srcset=\"https:\/\/compihelpbern.ch\/wp\/wp-content\/uploads\/2009\/10\/DSC03906_bearbeitet-1-300x200.jpg 300w, https:\/\/compihelpbern.ch\/wp\/wp-content\/uploads\/2009\/10\/DSC03906_bearbeitet-1.jpg 640w\" sizes=\"auto, (max-width: 596px) 100vw, 596px\" \/><figcaption id=\"caption-attachment-8353\" class=\"wp-caption-text\">Exakt um 17:27 Uhr Winterzeit konnte Jean-Pierre auf dem \u00abDorfplatz-Forum\u00bb des Seniorweb.ch vermelden: \u00ab<em>Fast alles verkauft. Wir d\u00fcrfen einen sch\u00f6nen Beitrag von Fr. 550.&#8211; an den B\u00e4ren-Park spenden.<\/em>\u00bb<\/figcaption><\/figure>\n<p>Zum Standschluss gegen 18:00 hatten wir den Berner Stadtpr\u00e4sidenten, Alexander Tsch\u00e4pp\u00e4t, und die Medien eingeladen, um unsere Spende zu \u00fcberreichen. Tsch\u00e4pp\u00e4t blieb 30 Minuten, in denen ihm unser \u00abObulus\u00bb in Form eines \u00fcberdimensionierten Checks von 550 Franken \u00fcbergeben wurde. Dar\u00fcber freute er sich und erz\u00e4hlte, unser Stand sei ihm als einziger vom B\u00e4rem\u00e4rit bekannt, der f\u00fcr den Berner B\u00e4re-Park Geld spende. Sein Vorschlag, unseren Beitrag der neu gegr\u00fcndeten \u00abStiftung B\u00e4renpark Bern\u00bb zuzuf\u00fchren und nicht in das allseits bekannte Millionenloch zu stecken, das beim Bau des B\u00e4ren-Parks entstand, stiess auf lebhafte Zustimmung!<\/p>\n<p><img loading=\"lazy\" decoding=\"async\" class=\" wp-image-8354\" src=\"https:\/\/compihelpbern.ch\/wp\/wp-content\/uploads\/2009\/10\/DSC03918_bearbeitet-1-300x200.jpg\" alt=\"\" width=\"602\" height=\"401\" srcset=\"https:\/\/compihelpbern.ch\/wp\/wp-content\/uploads\/2009\/10\/DSC03918_bearbeitet-1-300x200.jpg 300w, https:\/\/compihelpbern.ch\/wp\/wp-content\/uploads\/2009\/10\/DSC03918_bearbeitet-1.jpg 640w\" sizes=\"auto, (max-width: 602px) 100vw, 602px\" \/><\/p>\n<p>Unsere \u00abB\u00e4re-H\u00f6cklerin\u00bb Marie-Theres, Reporterin von Radio Silbergrau, stellte Tsch\u00e4pp\u00e4t ein paar Fragen. <br \/>Im anregenden Gespr\u00e4ch mit den \u00abB\u00e4re-H\u00f6cklern\u00bb am Stand erz\u00e4hlte Tsch\u00e4pp\u00e4t u. a., wenn die Berner ihn in zwei Jahren nicht wiederw\u00e4hlen, gehe auch er in Pension. Deshalb sei es gut, schon mal das Seniorweb und den \u00abB\u00e4re-H\u00f6ck\u00bb kennen zu lernen!<\/p>\n<p>Obwohl todm\u00fcde, aber zufrieden und guter Laune, r\u00e4umte das Team den Stand mit vereinten Kr\u00e4ften im Nu ab und Jean-Pierre transportierte alles weg. Willy versprach, bis zum n\u00e4chsten Tag seine 150 geschossenen Bilder \u00abunter dem Schmiedehammer zurechtzuklopfen\u00bb (seine Worte), was er auch machte.<\/p>\n<p>Paul Surber von der Gesch\u00e4ftsleitung des Seniorweb.ch, \u00fcberraschte uns am n\u00e4chsten Tag, indem er auf einen Passus im \u201eTagi\u201c-Artikel \u00fcber die Er\u00f6ffnung des Berner B\u00e4ren-Parks hinwies, der lautet: \u201e<em>Der Satz \u00abDr B\u00e4re-H\u00f6ck f\u00fcr d\u2018B\u00e4re im B\u00e4re-Park z B\u00e4rn\u00bb bekommt garantiert den B\u00e4renpreis f\u00fcr die maximale B\u00e4rennennung auf engstem Raum<\/em>.\u201c<\/p>\n<p>Wir B\u00e4re-H\u00f6ckler sind uns einig: Wir sind stolz, bei dieser \u201c\u00dcbung\u201c mitgemacht zu haben. Backen, Popen, Einpacken und Etikettieren haben sich gelohnt! Wir haben jetzt \u00dcbung und sind jederzeit mit Rat und Tat zur Stelle. Was bringt man nicht alles fertig, wenn ein paar Leute zusammenspannen? Das war Teamwork im allerbesten Sinne des Wortes!<\/p>\n<figure id=\"attachment_8357\" aria-describedby=\"caption-attachment-8357\" style=\"width: 636px\" class=\"wp-caption alignnone\"><img loading=\"lazy\" decoding=\"async\" class=\" wp-image-8357\" src=\"https:\/\/compihelpbern.ch\/wp\/wp-content\/uploads\/2009\/10\/DSC03798_bearbeitet-1-300x200.jpg\" alt=\"\" width=\"636\" height=\"424\" srcset=\"https:\/\/compihelpbern.ch\/wp\/wp-content\/uploads\/2009\/10\/DSC03798_bearbeitet-1-300x200.jpg 300w, https:\/\/compihelpbern.ch\/wp\/wp-content\/uploads\/2009\/10\/DSC03798_bearbeitet-1.jpg 640w\" sizes=\"auto, (max-width: 636px) 100vw, 636px\" \/><figcaption id=\"caption-attachment-8357\" class=\"wp-caption-text\">Texte gesammelt von jip\u00e9g\u00e9, Bilder von WillY<\/figcaption><\/figure>\n","protected":false},"excerpt":{"rendered":"<p>Der Beginn einer aktiven und spontanen Teamarbeit mit viel Spass und Erfolg soll hier nochmals in Erinnerung gerufen werden.<\/p>\n","protected":false},"author":10,"featured_media":7069,"comment_status":"open","ping_status":"closed","sticky":false,"template":"","format":"standard","meta":{"advgb_blocks_editor_width":"","advgb_blocks_columns_visual_guide":"","site-container-style":"default","site-container-layout":"default","site-sidebar-layout":"default","site-transparent-header":"default","disable-article-header":"default","disable-site-header":"default","disable-site-footer":"default","disable-content-area-spacing":"default","footnotes":""},"categories":[4,20],"tags":[],"class_list":["post-6983","post","type-post","status-publish","format-standard","has-post-thumbnail","hentry","category-1-baerehoeck","category-magazin"],"author_meta":{"display_name":"WillY","author_link":"https:\/\/compihelpbern.ch\/wp\/archive\/author\/willy"},"featured_img":"https:\/\/compihelpbern.ch\/wp\/wp-content\/uploads\/2009\/10\/DSC03776_bearbeitet-1-300x200.jpg","coauthors":[],"tax_additional":{"categories":{"linked":["<a href=\"https:\/\/compihelpbern.ch\/wp\/archive\/category\/1-baerehoeck\" class=\"advgb-post-tax-term\">B\u00e4reh\u00f6ck-Berichte<\/a>","<a href=\"https:\/\/compihelpbern.ch\/wp\/archive\/category\/magazin\" class=\"advgb-post-tax-term\">Magazin<\/a>"],"unlinked":["<span class=\"advgb-post-tax-term\">B\u00e4reh\u00f6ck-Berichte<\/span>","<span class=\"advgb-post-tax-term\">Magazin<\/span>"]}},"comment_count":"1","relative_dates":{"created":"Ver\u00f6ffentlicht 17\u00a0Jahren vor","modified":"Aktualisiert 4\u00a0Monaten vor"},"absolute_dates":{"created":"Ver\u00f6ffentlicht am 25. Oktober 2009","modified":"Aktualisiert am 30. Dezember 2025"},"absolute_dates_time":{"created":"Ver\u00f6ffentlicht am 25. Oktober 2009 14:51","modified":"Aktualisiert am 30. Dezember 2025 13:50"},"featured_img_caption":"Der Stand ist bereit, das Team freut sich auf den Einsatz","series_order":"","publishpress_future_action":{"enabled":false,"date":"2026-06-01 15:17:57","action":"change-status","newStatus":"draft","terms":[],"taxonomy":"category","extraData":[]},"publishpress_future_workflow_manual_trigger":{"enabledWorkflows":[]},"_links":{"self":[{"href":"https:\/\/compihelpbern.ch\/wp\/wp-json\/wp\/v2\/posts\/6983","targetHints":{"allow":["GET"]}}],"collection":[{"href":"https:\/\/compihelpbern.ch\/wp\/wp-json\/wp\/v2\/posts"}],"about":[{"href":"https:\/\/compihelpbern.ch\/wp\/wp-json\/wp\/v2\/types\/post"}],"author":[{"embeddable":true,"href":"https:\/\/compihelpbern.ch\/wp\/wp-json\/wp\/v2\/users\/10"}],"replies":[{"embeddable":true,"href":"https:\/\/compihelpbern.ch\/wp\/wp-json\/wp\/v2\/comments?post=6983"}],"version-history":[{"count":1,"href":"https:\/\/compihelpbern.ch\/wp\/wp-json\/wp\/v2\/posts\/6983\/revisions"}],"predecessor-version":[{"id":11967,"href":"https:\/\/compihelpbern.ch\/wp\/wp-json\/wp\/v2\/posts\/6983\/revisions\/11967"}],"wp:featuredmedia":[{"embeddable":true,"href":"https:\/\/compihelpbern.ch\/wp\/wp-json\/wp\/v2\/media\/7069"}],"wp:attachment":[{"href":"https:\/\/compihelpbern.ch\/wp\/wp-json\/wp\/v2\/media?parent=6983"}],"wp:term":[{"taxonomy":"category","embeddable":true,"href":"https:\/\/compihelpbern.ch\/wp\/wp-json\/wp\/v2\/categories?post=6983"},{"taxonomy":"post_tag","embeddable":true,"href":"https:\/\/compihelpbern.ch\/wp\/wp-json\/wp\/v2\/tags?post=6983"}],"curies":[{"name":"wp","href":"https:\/\/api.w.org\/{rel}","templated":true}]}}